{"id":5288,"date":"2023-01-26T08:46:03","date_gmt":"2023-01-26T07:46:03","guid":{"rendered":"https:\/\/preprod.reisswolf.ch\/non-classifiee\/aenderung-datenschutzgesetz\/"},"modified":"2025-11-01T21:28:28","modified_gmt":"2025-11-01T20:28:28","slug":"aenderung-datenschutzgesetz","status":"publish","type":"post","link":"https:\/\/www.reisswolf.ch\/fr\/news-fr\/aenderung-datenschutzgesetz\/","title":{"rendered":"Das \u00e4ndert sich mit dem revidierten Schweizer Datenschutzgesetz"},"content":{"rendered":"<div id=\"pl-5288\"  class=\"panel-layout\" ><div id=\"pg-5288-0\"  class=\"panel-grid panel-has-style\" ><div class=\"hero-row-flex siteorigin-panels-stretch panel-row-style panel-row-style-for-5288-0\" data-stretch-type=\"full-width-stretch\" ><div id=\"pgc-5288-0-0\"  class=\"panel-grid-cell panel-grid-cell-mobile-last\" ><div id=\"panel-5288-0-0-0\" class=\"so-panel widget widget_sow-editor panel-first-child panel-last-child widgetopts-SO\" data-index=\"0\" ><div class=\"is-content-header panel-widget-style panel-widget-style-for-5288-0-0-0\" ><div\n\t\t\t\n\t\t\tclass=\"so-widget-sow-editor so-widget-sow-editor-base\"\n\t\t\t\n\t\t>\n<div class=\"siteorigin-widget-tinymce textwidget\">\n\t<h1>Datenschutz 2023: Rechtsanwalt Marius Vischer erkl\u00e4rt die wichtigsten \u00c4nderungen des revDSG<\/h1>\n<p>Das neue Datenschutzgesetz stellt viele Unternehmen vor neue Pflichten \u2013 von erweiterten Informationspflichten bis zur Meldepflicht bei Datenpannen. Im Interview erkl\u00e4rt Rechtsanwalt Marius Vischer, was das revDSG in der Praxis bedeutet und wie Firmen jetzt reagieren sollten.<\/p>\n<\/div>\n<\/div><\/div><\/div><\/div><div id=\"pgc-5288-0-1\"  class=\"panel-grid-cell panel-grid-cell-empty\" ><\/div><\/div><\/div><div id=\"pg-5288-1\"  class=\"panel-grid panel-no-style\" ><div id=\"pgc-5288-1-0\"  class=\"panel-grid-cell\" ><div id=\"panel-5288-1-0-0\" class=\"so-panel widget widget_sow-editor panel-first-child panel-last-child\" data-index=\"1\" ><div\n\t\t\t\n\t\t\tclass=\"so-widget-sow-editor so-widget-sow-editor-base\"\n\t\t\t\n\t\t>\n<div class=\"siteorigin-widget-tinymce textwidget\">\n\t<p><!-- wp:paragraph --><\/p>\n<p><strong>Am 1. September 2023 tritt das revidierte Datenschutzgesetz in Kraft. Welche Neuerungen damit auf Schweizer Unternehmen zukommen, erkl\u00e4rt Rechtsanwalt und Datenschutzexperte Marius Vischer im Gespr\u00e4ch mit Reisswolf Schweiz.<\/strong><\/p>\n<p>&nbsp;<\/p>\n<p><!-- \/wp:paragraph --><\/p>\n<p><!-- wp:paragraph --><\/p>\n<p><strong><em>Herr Vischer, welche wichtigsten \u00c4nderungen bringt das neue DSG mit sich?<\/em><\/strong><\/p>\n<p>&nbsp;<\/p>\n<p><!-- \/wp:paragraph --><\/p>\n<p><!-- wp:paragraph --><\/p>\n<p><strong>Marius Vischer: <\/strong>Die wichtigsten Neuerungen sind aus meiner Sicht die Folgenden:<\/p>\n<p>&nbsp;<\/p>\n<p><!-- \/wp:paragraph --><\/p>\n<p><!-- wp:list --><\/p>\n<ul>\n<li>Die Informationspflichten bei der Beschaffung von Personendaten werden ausgebaut und gelten nicht mehr nur bei der Beschaffung von besonders sch\u00fctzenswerten Personendaten. Folglich wird eine Datenschutzerkl\u00e4rung f\u00fcr s\u00e4mtliche Unternehmen Pflicht.<\/li>\n<li>Unternehmen ab 250 Mitarbeitenden m\u00fcssen neu ein Verzeichnis der Bearbeitungst\u00e4tigkeiten f\u00fchren, in welchem sie sich in Bezug auf einzelne Bearbeitungen u.a. zu den Bearbeitungszwecken, den Kategorien der betroffenen Personen und Daten sowie der Aufbewahrungsdauer \u00e4ussern.<\/li>\n<li>Auftragsbearbeitungen, etwa durch IT-Provider, sind vertraglich durch sog. Auftragsdatenbearbeitungsvereinbarungen (ADV; data processing agreements, DPA) abzusichern.<\/li>\n<li>Verletzungen der Datensicherheit m\u00fcssen dem ED\u00d6B gemeldet werden, wenn sie zu einem hohen Risiko f\u00fcr die Pers\u00f6nlichkeit oder der Grundrechte der betroffenen Person f\u00fchren (siehe Frage 3).<\/li>\n<\/ul>\n<p>&nbsp;<\/p>\n<p><!-- \/wp:list --><\/p>\n<p><!-- wp:paragraph --><\/p>\n<p><strong><em>Wo orten Sie die St\u00e4rken im neuen DSG?<\/em><\/strong><\/p>\n<p>&nbsp;<\/p>\n<p><!-- \/wp:paragraph --><\/p>\n<p><!-- wp:paragraph --><\/p>\n<p>Das revidierte DSG ist im Vergleich zur DSGVO wesentlich pragmatischer und k\u00fcrzer, und dadurch auch einfacher verst\u00e4ndlich. Da zudem die Bearbeitungsgrunds\u00e4tze unter dem revidierten DSG im Wesentlichen unver\u00e4ndert Geltung haben werden, sind bisher zul\u00e4ssige Datenbearbeitungen grunds\u00e4tzliche weiterhin zul\u00e4ssig. Unternehmen m\u00fcssen deshalb nicht jede Datenbearbeitung hinterfragen. Neu gelten jedoch einige flankierende Massnahmen, die einen Ausbau der Governance zur Folge haben (siehe Frage 1).<\/p>\n<p>&nbsp;<\/p>\n<p><!-- \/wp:paragraph --><\/p>\n<p><!-- wp:paragraph --><\/p>\n<p><strong><em>Ein Kernpunkt des neuen Gesetzes ist die Datensicherheit. Was genau heisst das und welche Auswirkungen bringt diese Anpassung mit sich?<\/em><\/strong><\/p>\n<p>&nbsp;<\/p>\n<p><!-- \/wp:paragraph --><\/p>\n<p><!-- wp:paragraph --><\/p>\n<p>Es ist durch geeignete technische oder organisatorische Massnahmen eine dem Risiko angemessene Datensicherheit zu gew\u00e4hrleisten, d.h. es sind diejenigen technischen und organisatorischen Massnahmen zu ergreifen, welche in Anbetracht des Zwecks der Datenbearbeitung, des Risikos, dem Stand der Technik und der Implementierungskosten erforderlich und angemessen sind (z.B. Zugriffskontrollen, Zugangskontrollen, Datentr\u00e4gerkontrollen, Speicherkontrollen, Benutzerkontrollen etc.).<\/p>\n<p>&nbsp;<\/p>\n<p><!-- \/wp:paragraph --><\/p>\n<p><!-- wp:paragraph --><\/p>\n<p>Neu m\u00fcssen Verletzungen der Datensicherheit dem ED\u00d6B gemeldet, wenn sie zu einem hohen Risiko f\u00fcr die Pers\u00f6nlichkeit oder der Grundrechte der betroffenen Person f\u00fchren. Solche Verletzungen der Datensicherheit sind z.B. Hackerangriffe oder E-Mail-Versand mit heiklen Daten an einen falschen Abnehmerkreis. Die Information des ED\u00d6B hat raschestm\u00f6glich zu erfolgen. Eine besondere Frist besteht jedoch im Unterschied zur DSGVO (dort 72 Stunden) nicht. Da die H\u00e4ufigkeit insb. von Hackerangriffen \u00fcber die letzten Jahre stark zugenommen hat, lohnt es sich, sich damit zu befassen, wie bei einem solchen Vorfall vorgegangen wird (Data Breach Management).<\/p>\n<p>&nbsp;<\/p>\n<p><!-- \/wp:paragraph --><\/p>\n<p><!-- wp:paragraph --><\/p>\n<p><strong><em>Das neue DSG gilt als eine Ann\u00e4herung an die DSGVO, aber nicht als Kopie. Warum wurde das DSG nicht einfach der DSGVO angepasst?<\/em><\/strong><\/p>\n<p>&nbsp;<\/p>\n<p><!-- \/wp:paragraph --><\/p>\n<p><!-- wp:paragraph --><\/p>\n<p>Zun\u00e4chst einmal besteht zwischen dem DSG und der DSGVO (auch weiterhin) ein konzeptioneller Unterschied. W\u00e4hrend in der Schweiz Datenbearbeitungen grunds\u00e4tzlich zul\u00e4ssig sind und ein Rechtfertigungsgrund nur dann erforderlich ist, wenn die Bearbeitungsgrunds\u00e4tze oder die Bestimmungen zur Datensicherheit nicht eingehalten werden oder wenn die betroffene Person der Bearbeitung widerspricht, ist unter der DSGVO stets ein Rechtfertigungsgrund notwendig. Nur schon deshalb konnte die DSGVO nicht kopiert werden. Dar\u00fcber hinaus ist das Schweizer Gesetz im Wesentlichen pragmatischer ausgefallen (Swiss Finish).<\/p>\n<p>&nbsp;<\/p>\n<p><!-- \/wp:paragraph --><\/p>\n<p><!-- wp:paragraph --><\/p>\n<p><strong><em>Wie sch\u00fctzen Sie Ihre pers\u00f6nlichen Daten, worauf legen Sie wert?<\/em><\/strong><\/p>\n<p>&nbsp;<\/p>\n<p><!-- \/wp:paragraph --><\/p>\n<p><!-- wp:paragraph --><\/p>\n<p>Nach meinem Daf\u00fcrhalten ist jeweils darauf zu achten, wem und welche pers\u00f6nlichen Daten zug\u00e4nglich gemacht werden und wo diese gespeichert werden. Je heikler die Daten sind, desto wichtiger sind zudem die Massnahmen zur Gew\u00e4hrleistung der Datensicherheit. Eine wichtige Massnahme ist die Verwendung m\u00f6glichst sicherer Passw\u00f6rter. Hierzu verwende ich seit einiger Zeit einen Passwortmanager, der Passw\u00f6rter generiert und speichert. Mit einer Zwei-Faktor-Authentisierung kann der Schutz noch zus\u00e4tzlich erh\u00f6ht werden, was bei heiklen Daten sicherlich angebracht ist (Gesundheitsdaten, Finanzdaten etc.).<\/p>\n<p>&nbsp;<\/p>\n<p><!-- \/wp:paragraph --><\/p>\n<p><!-- wp:paragraph --><\/p>\n<p><strong><em>Vielen Dank f\u00fcr das Gespr\u00e4ch.<\/em><\/strong><\/p>\n<p>&nbsp;<\/p>\n<p><!-- \/wp:paragraph --><\/p>\n<p><!-- wp:paragraph --><\/p>\n<p><strong>Marius Vischer ist Rechtsanwalt und Partner in der Anwaltskanzlei epartners in Z\u00fcrich. Er ist schwerpunktm\u00e4ssig im IT- und Technologierecht, im Datenschutz- sowie im Wettbewerbsrecht t\u00e4tig; er ist sowohl beratend als auch prozessierend t\u00e4tig und gibt regelm\u00e4ssig Schulungen und leitet Workshops.<\/strong><\/p>\n<p><!-- \/wp:paragraph --><\/p>\n<\/div>\n<\/div><\/div><\/div><\/div><\/div>","protected":false},"excerpt":{"rendered":"<p>Datenschutz 2023: Rechtsanwalt Marius Vischer erkl\u00e4rt die wichtigsten \u00c4nderungen des revDSG Das neue Datenschutzgesetz stellt viele Unternehmen vor neue Pflichten \u2013 von erweiterten Informationspflichten bis zur Meldepflicht bei Datenpannen. Im Interview erkl\u00e4rt Rechtsanwalt Marius Vischer, was das revDSG in der Praxis bedeutet und wie Firmen jetzt reagieren sollten. Am 1. September 2023 tritt das revidierte [&hellip;]<\/p>\n","protected":false},"author":3,"featured_media":5069,"comment_status":"closed","ping_status":"closed","sticky":false,"template":"","format":"standard","meta":{"inline_featured_image":false,"footnotes":""},"categories":[59],"tags":[77],"class_list":["post-5288","post","type-post","status-publish","format-standard","has-post-thumbnail","hentry","category-news-fr","tag-datenschutzgestz-fr"],"yoast_head":"<!-- This site is optimized with the Yoast SEO plugin v26.3 - https:\/\/yoast.com\/wordpress\/plugins\/seo\/ -->\n<title>Neues Datenschutzgesetz (revDSG) 2023 | REISSWOLF Schweiz<\/title>\n<meta name=\"description\" content=\"Was \u00e4ndert sich mit dem neuen Datenschutzgesetz (revDSG) in der Schweiz? Rechtsanwalt Marius Vischer erkl\u00e4rt die wichtigsten Pflichten f\u00fcr Unternehmen.\" \/>\n<meta name=\"robots\" content=\"index, follow, max-snippet:-1, max-image-preview:large, max-video-preview:-1\" \/>\n<link rel=\"canonical\" href=\"https:\/\/www.reisswolf.ch\/fr\/news-fr\/aenderung-datenschutzgesetz\/\" \/>\n<meta property=\"og:locale\" content=\"fr_FR\" \/>\n<meta property=\"og:type\" content=\"article\" \/>\n<meta property=\"og:title\" content=\"Neues Datenschutzgesetz (revDSG) 2023 | REISSWOLF Schweiz\" \/>\n<meta property=\"og:description\" content=\"Was \u00e4ndert sich mit dem neuen Datenschutzgesetz (revDSG) in der Schweiz? Rechtsanwalt Marius Vischer erkl\u00e4rt die wichtigsten Pflichten f\u00fcr Unternehmen.\" \/>\n<meta property=\"og:url\" content=\"https:\/\/www.reisswolf.ch\/fr\/news-fr\/aenderung-datenschutzgesetz\/\" \/>\n<meta property=\"og:site_name\" content=\"Reisswolf\" \/>\n<meta property=\"article:publisher\" content=\"https:\/\/www.linkedin.com\/showcase\/reisswolf-aktenvernichtung-schweiz\/\" \/>\n<meta property=\"article:published_time\" content=\"2023-01-26T07:46:03+00:00\" \/>\n<meta property=\"article:modified_time\" content=\"2025-11-01T20:28:28+00:00\" \/>\n<meta property=\"og:image\" content=\"https:\/\/www.reisswolf.ch\/wp-content\/uploads\/2023\/01\/marius_vischer_portrait.jpg\" \/>\n\t<meta property=\"og:image:width\" content=\"450\" \/>\n\t<meta property=\"og:image:height\" content=\"300\" \/>\n\t<meta property=\"og:image:type\" content=\"image\/jpeg\" \/>\n<meta name=\"author\" content=\"Serdar Zengin\" \/>\n<meta name=\"twitter:card\" content=\"summary_large_image\" \/>\n<meta name=\"twitter:label1\" content=\"\u00c9crit par\" \/>\n\t<meta name=\"twitter:data1\" content=\"Serdar Zengin\" \/>\n\t<meta name=\"twitter:label2\" content=\"Dur\u00e9e de lecture estim\u00e9e\" \/>\n\t<meta name=\"twitter:data2\" content=\"4 minutes\" \/>\n<!-- \/ Yoast SEO plugin. -->","yoast_head_json":{"title":"Neues Datenschutzgesetz (revDSG) 2023 | REISSWOLF Schweiz","description":"Was \u00e4ndert sich mit dem neuen Datenschutzgesetz (revDSG) in der Schweiz? Rechtsanwalt Marius Vischer erkl\u00e4rt die wichtigsten Pflichten f\u00fcr Unternehmen.","robots":{"index":"index","follow":"follow","max-snippet":"max-snippet:-1","max-image-preview":"max-image-preview:large","max-video-preview":"max-video-preview:-1"},"canonical":"https:\/\/www.reisswolf.ch\/fr\/news-fr\/aenderung-datenschutzgesetz\/","og_locale":"fr_FR","og_type":"article","og_title":"Neues Datenschutzgesetz (revDSG) 2023 | REISSWOLF Schweiz","og_description":"Was \u00e4ndert sich mit dem neuen Datenschutzgesetz (revDSG) in der Schweiz? Rechtsanwalt Marius Vischer erkl\u00e4rt die wichtigsten Pflichten f\u00fcr Unternehmen.","og_url":"https:\/\/www.reisswolf.ch\/fr\/news-fr\/aenderung-datenschutzgesetz\/","og_site_name":"Reisswolf","article_publisher":"https:\/\/www.linkedin.com\/showcase\/reisswolf-aktenvernichtung-schweiz\/","article_published_time":"2023-01-26T07:46:03+00:00","article_modified_time":"2025-11-01T20:28:28+00:00","og_image":[{"width":450,"height":300,"url":"https:\/\/www.reisswolf.ch\/wp-content\/uploads\/2023\/01\/marius_vischer_portrait.jpg","type":"image\/jpeg"}],"author":"Serdar Zengin","twitter_card":"summary_large_image","twitter_misc":{"\u00c9crit par":"Serdar Zengin","Dur\u00e9e de lecture estim\u00e9e":"4 minutes"},"schema":{"@context":"https:\/\/schema.org","@graph":[{"@type":"Article","@id":"https:\/\/www.reisswolf.ch\/fr\/news-fr\/aenderung-datenschutzgesetz\/#article","isPartOf":{"@id":"https:\/\/www.reisswolf.ch\/fr\/news-fr\/aenderung-datenschutzgesetz\/"},"author":{"name":"Serdar Zengin","@id":"https:\/\/www.reisswolf.ch\/#\/schema\/person\/b1152e867f27ea51d99d1f53ed25c570"},"headline":"Das \u00e4ndert sich mit dem revidierten Schweizer Datenschutzgesetz","datePublished":"2023-01-26T07:46:03+00:00","dateModified":"2025-11-01T20:28:28+00:00","mainEntityOfPage":{"@id":"https:\/\/www.reisswolf.ch\/fr\/news-fr\/aenderung-datenschutzgesetz\/"},"wordCount":748,"publisher":{"@id":"https:\/\/www.reisswolf.ch\/#organization"},"image":{"@id":"https:\/\/www.reisswolf.ch\/fr\/news-fr\/aenderung-datenschutzgesetz\/#primaryimage"},"thumbnailUrl":"https:\/\/www.reisswolf.ch\/wp-content\/uploads\/2023\/01\/marius_vischer_portrait.jpg","keywords":["datenschutzgestz"],"articleSection":["News"],"inLanguage":"fr-FR"},{"@type":"WebPage","@id":"https:\/\/www.reisswolf.ch\/fr\/news-fr\/aenderung-datenschutzgesetz\/","url":"https:\/\/www.reisswolf.ch\/fr\/news-fr\/aenderung-datenschutzgesetz\/","name":"Neues Datenschutzgesetz (revDSG) 2023 | REISSWOLF Schweiz","isPartOf":{"@id":"https:\/\/www.reisswolf.ch\/#website"},"primaryImageOfPage":{"@id":"https:\/\/www.reisswolf.ch\/fr\/news-fr\/aenderung-datenschutzgesetz\/#primaryimage"},"image":{"@id":"https:\/\/www.reisswolf.ch\/fr\/news-fr\/aenderung-datenschutzgesetz\/#primaryimage"},"thumbnailUrl":"https:\/\/www.reisswolf.ch\/wp-content\/uploads\/2023\/01\/marius_vischer_portrait.jpg","datePublished":"2023-01-26T07:46:03+00:00","dateModified":"2025-11-01T20:28:28+00:00","description":"Was \u00e4ndert sich mit dem neuen Datenschutzgesetz (revDSG) in der Schweiz? Rechtsanwalt Marius Vischer erkl\u00e4rt die wichtigsten Pflichten f\u00fcr Unternehmen.","breadcrumb":{"@id":"https:\/\/www.reisswolf.ch\/fr\/news-fr\/aenderung-datenschutzgesetz\/#breadcrumb"},"inLanguage":"fr-FR","potentialAction":[{"@type":"ReadAction","target":["https:\/\/www.reisswolf.ch\/fr\/news-fr\/aenderung-datenschutzgesetz\/"]}]},{"@type":"ImageObject","inLanguage":"fr-FR","@id":"https:\/\/www.reisswolf.ch\/fr\/news-fr\/aenderung-datenschutzgesetz\/#primaryimage","url":"https:\/\/www.reisswolf.ch\/wp-content\/uploads\/2023\/01\/marius_vischer_portrait.jpg","contentUrl":"https:\/\/www.reisswolf.ch\/wp-content\/uploads\/2023\/01\/marius_vischer_portrait.jpg","width":450,"height":300},{"@type":"BreadcrumbList","@id":"https:\/\/www.reisswolf.ch\/fr\/news-fr\/aenderung-datenschutzgesetz\/#breadcrumb","itemListElement":[{"@type":"ListItem","position":1,"name":"Startseite","item":"https:\/\/www.reisswolf.ch\/fr\/"},{"@type":"ListItem","position":2,"name":"Das \u00e4ndert sich mit dem revidierten Schweizer Datenschutzgesetz"}]},{"@type":"WebSite","@id":"https:\/\/www.reisswolf.ch\/#website","url":"https:\/\/www.reisswolf.ch\/","name":"Reisswolf","description":"Reisswolf","publisher":{"@id":"https:\/\/www.reisswolf.ch\/#organization"},"potentialAction":[{"@type":"SearchAction","target":{"@type":"EntryPoint","urlTemplate":"https:\/\/www.reisswolf.ch\/?s={search_term_string}"},"query-input":{"@type":"PropertyValueSpecification","valueRequired":true,"valueName":"search_term_string"}}],"inLanguage":"fr-FR"},{"@type":"Organization","@id":"https:\/\/www.reisswolf.ch\/#organization","name":"REISSWOLF Schweiz AG","url":"https:\/\/www.reisswolf.ch\/","logo":{"@type":"ImageObject","inLanguage":"fr-FR","@id":"https:\/\/www.reisswolf.ch\/#\/schema\/logo\/image\/","url":"https:\/\/www.reisswolf.ch\/wp-content\/uploads\/2025\/10\/logo-reisswolf.svg","contentUrl":"https:\/\/www.reisswolf.ch\/wp-content\/uploads\/2025\/10\/logo-reisswolf.svg","width":"1024","height":"1024","caption":"REISSWOLF Schweiz AG"},"image":{"@id":"https:\/\/www.reisswolf.ch\/#\/schema\/logo\/image\/"},"sameAs":["https:\/\/www.linkedin.com\/showcase\/reisswolf-aktenvernichtung-schweiz\/"]},{"@type":"Person","@id":"https:\/\/www.reisswolf.ch\/#\/schema\/person\/b1152e867f27ea51d99d1f53ed25c570","name":"Serdar Zengin","image":{"@type":"ImageObject","inLanguage":"fr-FR","@id":"https:\/\/www.reisswolf.ch\/#\/schema\/person\/image\/","url":"https:\/\/secure.gravatar.com\/avatar\/41df5794a3306f2c71917f839fa6b7cfe349f9de30004f40ae19d8e328b807aa?s=96&d=mm&r=g","contentUrl":"https:\/\/secure.gravatar.com\/avatar\/41df5794a3306f2c71917f839fa6b7cfe349f9de30004f40ae19d8e328b807aa?s=96&d=mm&r=g","caption":"Serdar Zengin"},"url":"https:\/\/www.reisswolf.ch\/fr\/author\/admin_serdar\/"}]}},"_links":{"self":[{"href":"https:\/\/www.reisswolf.ch\/fr\/wp-json\/wp\/v2\/posts\/5288","targetHints":{"allow":["GET"]}}],"collection":[{"href":"https:\/\/www.reisswolf.ch\/fr\/wp-json\/wp\/v2\/posts"}],"about":[{"href":"https:\/\/www.reisswolf.ch\/fr\/wp-json\/wp\/v2\/types\/post"}],"author":[{"embeddable":true,"href":"https:\/\/www.reisswolf.ch\/fr\/wp-json\/wp\/v2\/users\/3"}],"replies":[{"embeddable":true,"href":"https:\/\/www.reisswolf.ch\/fr\/wp-json\/wp\/v2\/comments?post=5288"}],"version-history":[{"count":12,"href":"https:\/\/www.reisswolf.ch\/fr\/wp-json\/wp\/v2\/posts\/5288\/revisions"}],"predecessor-version":[{"id":10125,"href":"https:\/\/www.reisswolf.ch\/fr\/wp-json\/wp\/v2\/posts\/5288\/revisions\/10125"}],"wp:featuredmedia":[{"embeddable":true,"href":"https:\/\/www.reisswolf.ch\/fr\/wp-json\/wp\/v2\/media\/5069"}],"wp:attachment":[{"href":"https:\/\/www.reisswolf.ch\/fr\/wp-json\/wp\/v2\/media?parent=5288"}],"wp:term":[{"taxonomy":"category","embeddable":true,"href":"https:\/\/www.reisswolf.ch\/fr\/wp-json\/wp\/v2\/categories?post=5288"},{"taxonomy":"post_tag","embeddable":true,"href":"https:\/\/www.reisswolf.ch\/fr\/wp-json\/wp\/v2\/tags?post=5288"}],"curies":[{"name":"wp","href":"https:\/\/api.w.org\/{rel}","templated":true}]}}